{"id":432,"date":"2025-12-12T19:16:09","date_gmt":"2025-12-12T18:16:09","guid":{"rendered":"https:\/\/avlasmusas-lasrosas.org\/?p=432"},"modified":"2026-01-26T17:57:14","modified_gmt":"2026-01-26T16:57:14","slug":"viaje-a-huelva","status":"publish","type":"post","link":"https:\/\/avlasmusas-lasrosas.org\/?p=432","title":{"rendered":"VIAJE A HUELVA"},"content":{"rendered":"\n<figure class=\"wp-block-image size-large\"><img loading=\"lazy\" decoding=\"async\" width=\"1024\" height=\"863\" src=\"https:\/\/avlasmusas-lasrosas.org\/wp-content\/uploads\/2025\/12\/VIAJE-A-HUELVA-1024x863.jpg\" alt=\"\" class=\"wp-image-433\" srcset=\"https:\/\/avlasmusas-lasrosas.org\/wp-content\/uploads\/2025\/12\/VIAJE-A-HUELVA-1024x863.jpg 1024w, https:\/\/avlasmusas-lasrosas.org\/wp-content\/uploads\/2025\/12\/VIAJE-A-HUELVA-300x253.jpg 300w, https:\/\/avlasmusas-lasrosas.org\/wp-content\/uploads\/2025\/12\/VIAJE-A-HUELVA-768x647.jpg 768w, https:\/\/avlasmusas-lasrosas.org\/wp-content\/uploads\/2025\/12\/VIAJE-A-HUELVA-1536x1294.jpg 1536w, https:\/\/avlasmusas-lasrosas.org\/wp-content\/uploads\/2025\/12\/VIAJE-A-HUELVA.jpg 1599w\" sizes=\"auto, (max-width: 1024px) 100vw, 1024px\" \/><\/figure>\n\n\n\n<p>La asociaci\u00f3n de vecinos las Musas las Rosas, como viene siendo tradicional a lo largo&nbsp; de muchos a\u00f1os, acabamos de realizar un viaje cultural aprovechando el puente de la Constituci\u00f3n.<\/p>\n\n\n\n<p>Participamos en el viaje 82 personas hemos tenido buena meteorolog\u00eda,  y disfrutado de hermosos paisajes por la provincia de Huelva y el sur de Portugal.<\/p>\n\n\n\n<p>La suerte nos ha acompa\u00f1ado tambi\u00e9n con la participaci\u00f3n de 2 gu\u00edas muy profesionales.<\/p>\n\n\n\n<p>Para el viaje se han utilizado 2 autobuses experimentando la convivencia con los vecinos del barrio y del distrito.<\/p>\n\n\n\n<p>Esperamos poder seguir realizando este tipo de viajes.<\/p>\n\n\n\n<p>Para mejorar el apartado de inscripciones, adem\u00e1s de poder hacerlo de manera presencial, se podr\u00e1n realizar&nbsp; tambi\u00e9n de manera Online.<\/p>\n\n\n\n<p>En el caso de que haya m\u00e1s solicitudes que plazas disponibles, las personas que no puedan viajar, tendr\u00e1n preferencia para los viajes sucesivos.<\/p>\n","protected":false},"excerpt":{"rendered":"<p>La asociaci\u00f3n de vecinos las Musas las Rosas, como viene siendo tradicional a lo largo&nbsp; de muchos a\u00f1os, acabamos de realizar un viaje cultural aprovechando el puente de la Constituci\u00f3n. Participamos en el viaje 82 personas hemos tenido buena meteorolog\u00eda, &hellip; <a href=\"https:\/\/avlasmusas-lasrosas.org\/?p=432\">Sigue leyendo <span class=\"meta-nav\">&rarr;<\/span><\/a><\/p>\n","protected":false},"author":1,"featured_media":0,"comment_status":"closed","ping_status":"open","sticky":false,"template":"","format":"standard","meta":{"_monsterinsights_skip_tracking":false,"_monsterinsights_sitenote_active":false,"_monsterinsights_sitenote_note":"","_monsterinsights_sitenote_category":0,"footnotes":""},"categories":[8],"tags":[],"class_list":["post-432","post","type-post","status-publish","format-standard","hentry","category-viajes"],"_links":{"self":[{"href":"https:\/\/avlasmusas-lasrosas.org\/index.php?rest_route=\/wp\/v2\/posts\/432","targetHints":{"allow":["GET"]}}],"collection":[{"href":"https:\/\/avlasmusas-lasrosas.org\/index.php?rest_route=\/wp\/v2\/posts"}],"about":[{"href":"https:\/\/avlasmusas-lasrosas.org\/index.php?rest_route=\/wp\/v2\/types\/post"}],"author":[{"embeddable":true,"href":"https:\/\/avlasmusas-lasrosas.org\/index.php?rest_route=\/wp\/v2\/users\/1"}],"replies":[{"embeddable":true,"href":"https:\/\/avlasmusas-lasrosas.org\/index.php?rest_route=%2Fwp%2Fv2%2Fcomments&post=432"}],"version-history":[{"count":7,"href":"https:\/\/avlasmusas-lasrosas.org\/index.php?rest_route=\/wp\/v2\/posts\/432\/revisions"}],"predecessor-version":[{"id":448,"href":"https:\/\/avlasmusas-lasrosas.org\/index.php?rest_route=\/wp\/v2\/posts\/432\/revisions\/448"}],"wp:attachment":[{"href":"https:\/\/avlasmusas-lasrosas.org\/index.php?rest_route=%2Fwp%2Fv2%2Fmedia&parent=432"}],"wp:term":[{"taxonomy":"category","embeddable":true,"href":"https:\/\/avlasmusas-lasrosas.org\/index.php?rest_route=%2Fwp%2Fv2%2Fcategories&post=432"},{"taxonomy":"post_tag","embeddable":true,"href":"https:\/\/avlasmusas-lasrosas.org\/index.php?rest_route=%2Fwp%2Fv2%2Ftags&post=432"}],"curies":[{"name":"wp","href":"https:\/\/api.w.org\/{rel}","templated":true}]}}